[{"@context":"https:\/\/schema.org\/","@type":"Article","@id":"https:\/\/www.tizon.cz\/designove-zabradli\/#Article","mainEntityOfPage":"https:\/\/www.tizon.cz\/designove-zabradli\/","headline":"Designov\u00e9 z\u00e1bradl\u00ed","name":"Designov\u00e9 z\u00e1bradl\u00ed","description":"V\u017edycky se mi l\u00edbilo n\u011bco netradi\u010dn\u00edho. A proto\u017ee s p\u0159\u00edtelem m\u00e1me opravdu oba dva stejn\u00fd vkus, tak jsme se rozhodli, \u017ee si nech\u00e1me z ob\u00fdv\u00e1ku do lo\u017enice ud\u011blat kr\u00e1sn\u00e9 sklen\u011bn\u00e9 z\u00e1bradl\u00ed. M\u011bli jsme opravdu origin\u00e1ln\u00ed takov\u00e9 kr\u00e1sn\u00e9 kovan\u00e9 schody, tak\u017ee jsme tak\u00e9 p\u0159em\u00fd\u0161leli, \u017ee bychom si k tomu po\u0159\u00eddili i z\u00e1bradl\u00ed. Ze za\u010d\u00e1tku jsme chv\u00edli [&hellip;]","datePublished":"2023-04-16","dateModified":"2023-05-18","author":{"@type":"Person","@id":"https:\/\/www.tizon.cz\/author\/#Person","name":"","url":"https:\/\/www.tizon.cz\/author\/","identifier":1,"image":{"@type":"ImageObject","@id":"https:\/\/secure.gravatar.com\/avatar\/91506ed60e31abe586276a3e1420719df081581a820344a28fa2034bb1a2fe22?s=96&d=mm&r=g","url":"https:\/\/secure.gravatar.com\/avatar\/91506ed60e31abe586276a3e1420719df081581a820344a28fa2034bb1a2fe22?s=96&d=mm&r=g","height":96,"width":96}},"publisher":{"@type":"Organization","name":"tizon.cz","logo":{"@type":"ImageObject","@id":"\/logo.png","url":"\/logo.png","width":600,"height":60}},"image":{"@type":"ImageObject","@id":"https:\/\/www.tizon.cz\/wp-content\/uploads\/spiral-4059473_960_720_1.jpg","url":"https:\/\/www.tizon.cz\/wp-content\/uploads\/spiral-4059473_960_720_1.jpg","height":0,"width":0},"url":"https:\/\/www.tizon.cz\/designove-zabradli\/","about":["Nakupov\u00e1n\u00ed"],"wordCount":438,"articleBody":"   V\u017edycky se mi l\u00edbilo n\u011bco netradi\u010dn\u00edho. A proto\u017ee s p\u0159\u00edtelem m\u00e1me opravdu oba dva stejn\u00fd vkus, tak jsme se rozhodli, \u017ee si nech\u00e1me z ob\u00fdv\u00e1ku do lo\u017enice ud\u011blat kr\u00e1sn\u00e9 sklen\u011bn\u00e9 z\u00e1bradl\u00ed. M\u011bli jsme opravdu origin\u00e1ln\u00ed takov\u00e9 kr\u00e1sn\u00e9 kovan\u00e9 schody, tak\u017ee jsme tak\u00e9 p\u0159em\u00fd\u0161leli, \u017ee bychom si k tomu po\u0159\u00eddili i z\u00e1bradl\u00ed. Ze za\u010d\u00e1tku jsme chv\u00edli p\u0159em\u00fd\u0161leli nad t\u00edm, \u017ee bychom si po\u0159\u00eddili tak\u00e9 n\u011bjak\u00e9 opravdu kr\u00e1sn\u00e9 kovan\u00e9 z\u00e1bradl\u00ed, ale potom p\u0159\u00edtel \u0159ekl, \u017ee bude opravdu nejlep\u0161\u00ed a tak\u00e9 velice zaj\u00edmav\u00e9 a designov\u011b p\u011bkn\u00e9, kdy\u017e si ud\u011bl\u00e1me sklen\u011bn\u00e9 z\u00e1bradl\u00ed anebo z jin\u00e9ho materi\u00e1lu, ne\u017e m\u00e1me schody. A proto\u017ee schody byly z kovu, jak jsem ji\u017e zm\u00ednila, tak\u017ee z\u00e1bradl\u00ed jsme cht\u011bli n\u011bco opravdu jin\u00e9ho. A s p\u0159\u00edtelem jsme chv\u00edli p\u0159em\u00fd\u0161leli a tak\u00e9 jsme se ptali na\u0161ich p\u0159\u00e1tel a tak\u00e9 rodiny, jak\u00e9 z\u00e1bradl\u00ed by se k n\u00e1m v ob\u00fdv\u00e1ku do lo\u017enice asi nejv\u00edce hodilo. A byla jsem pot\u011b\u0161ena, kdy\u017e mi moje kamar\u00e1dka a tak\u00e9 moje maminka \u0159ekla, \u017ee opravdu nejkr\u00e1sn\u011bj\u0161\u00ed z\u00e1bradl\u00ed by bylo ze sklen\u011bn\u00e9ho materi\u00e1lu. Pr\u00fd to moc lid\u00ed nem\u00e1 a \u017ee by to bylo tak\u00e9 n\u011bco nov\u00e9ho. Tak\u017ee jsme si s p\u0159\u00edtelem sedli k po\u010d\u00edta\u010di, kde jsme se pod\u00edvali na webov\u00e9 str\u00e1nky kmkdesign.cz a pod\u00edvali jsme se, jak\u00e9 tam maj\u00ed druhy a typy sklen\u011bn\u00fdch z\u00e1bradl\u00ed. Mus\u00edm uznat, \u017ee to v\u0161echno opravdu kr\u00e1sn\u00e9 a byli jsme s p\u0159\u00edtelem r\u00e1di, \u017ee i cena byla skv\u011bl\u00e1. Nebylo to tak moc drah\u00e9, jak jsem si myslela, proto jsem tak\u00e9 p\u0159\u00edteli \u0159ekla, \u017ee bych byla opravdu moc spokojen\u00e1, kdybychom si opravdu po\u0159\u00eddili sklen\u011bn\u00e9 z\u00e1bradl\u00ed. P\u0159\u00edtel se na m\u011b usm\u00e1l a \u0159ekl, \u017ee to bude asi nejlep\u0161\u00ed volba. Tak\u017ee jsme b\u011bhem asi dvou t\u00fddn\u016f si objednali opravdu kr\u00e1sn\u00e9 designov\u00e9 sklen\u011bn\u00e9 z\u00e1bradl\u00ed, kter\u00e9 se n\u00e1m opravdu l\u00edb\u00ed. A sklen\u011bn\u00e9 z\u00e1bradl\u00ed n\u00e1m schvalovala nejenom rodina, ale tak\u00e9 p\u0159\u00e1tel\u00e9, tak\u017ee jsme r\u00e1di, \u017ee m\u00e1me opravdu skv\u011bl\u00fd vkus, kter\u00fd se opravdu v\u0161em l\u00edb\u00ed. Tak\u00e9 m\u011b t\u011b\u0161\u00ed, \u017ee sklen\u011bn\u00e9 z\u00e1bradl\u00ed dost bez\u00fadr\u017ebov\u00e9 a hod\u00ed se do ka\u017ed\u00e9ho interi\u00e9ru.                                                                                                                                                                                                                                                                                                                                                                                          4\/5 - (10 votes)        "},{"@context":"https:\/\/schema.org\/","@type":"BreadcrumbList","itemListElement":[{"@type":"ListItem","position":1,"name":"Designov\u00e9 z\u00e1bradl\u00ed","item":"https:\/\/www.tizon.cz\/designove-zabradli\/#breadcrumbitem"}]}]